{"id":9024,"date":"2017-01-13T15:33:00","date_gmt":"2017-01-13T14:33:00","guid":{"rendered":"https:\/\/www.burban-palettes.com\/le-groupe-burban-pose-ses-palettes-dans-la-region-hauts-de-france-2\/"},"modified":"2021-04-22T16:09:25","modified_gmt":"2021-04-22T14:09:25","slug":"le-groupe-burban-pose-ses-palettes-dans-la-region-hauts-de-france-2","status":"publish","type":"post","link":"https:\/\/www.burban-palettes.com\/en\/le-groupe-burban-pose-ses-palettes-dans-la-region-hauts-de-france-2\/","title":{"rendered":"Le Groupe BURBAN pose ses palettes dans la r\u00e9gion Hauts de France"},"content":{"rendered":"\n<p class=\"has-text-align-center has-text-color\" style=\"color:#f7911c\">Ormes, le 13 janvier 2017<\/p>\n\n<hr class=\"wp-block-separator has-text-color has-background is-style-dots\" style=\"background-color:#f7911c;color:#f7911c\"\/>\n\n<div style=\"height:35px\" aria-hidden=\"true\" class=\"wp-block-spacer\"><\/div>\n\n<p class=\"has-white-color has-text-color has-background\" style=\"background-color:#f7911c\">Sp\u00e9cialis\u00e9 dans la collecte, le tri et le recyclage de palettes, le Groupe BURBAN renforce son maillage territorial avec l\u2019ouverture le 16 janvier 2017 de sa prochaine agence \u00e0 courri\u00e8res (62),\u00a0Parc d&#8217;activit\u00e9s\u00a0des Chauffours.<\/p>\n\n<div style=\"height:35px\" aria-hidden=\"true\" class=\"wp-block-spacer\"><\/div>\n\n<h3 class=\"has-text-color wp-block-heading\" style=\"color:#583a16\">Au plus pr\u00e8s de la demande<\/h3>\n\n<p>Situ\u00e9e sur l\u2019axe Paris &#8211; Lille, \u00e0 la sortie de l\u2019autoroute A1, cette nouvelle agence, la 19e du groupe, est la premi\u00e8re \u00e0 s\u2019implanter dans la r\u00e9gion Hauts de France.<\/p>\n\n<p>Avec une surface de 22\u00a0000 m2 et un b\u00e2timent de 4\u00a0000 m2, l\u2019agence de Courri\u00e8res permet au groupe BURBAN de poursuivre son d\u00e9veloppement et de r\u00e9pondre \u00e0 une demande croissante dans le domaine du recyclage de la palette bois.<\/p>\n\n<p>En effet, comme le souligne Didier BURBAN, PDG du groupe :<\/p>\n\n<blockquote class=\"wp-block-quote is-layout-flow wp-block-quote-is-layout-flow\"><p>\u00a0<em>\u00ab\u00a0Cette nouvelle agence t\u00e9moigne de la volont\u00e9 du groupe BURBAN d&#8217;\u00eatre toujours au plus pr\u00e8s de ses clients, pour leur garantir une r\u00e9activit\u00e9 optimale, tout en poursuivant son engagement environnemental\u00a0\u00bb.\u00a0<\/em><\/p><\/blockquote>\n\n<p>Car en effet, cette strat\u00e9gie de proximit\u00e9 a pour cons\u00e9quence directe la r\u00e9duction significative des \u00e9missions de CO2, gr\u00e2ce \u00e0 une gestion optimis\u00e9e des transports.<\/p>\n\n<h3 class=\"has-text-color wp-block-heading\" style=\"color:#583a16\">Le groupe BURBAN, acteur majeur du d\u00e9veloppement durable<\/h3>\n\n<p>BURBAN PALETTES a compris d\u00e8s ses d\u00e9buts que le recyclage \u00e9tait une n\u00e9cessit\u00e9 pour pr\u00e9server les ressources naturelles. Voil\u00e0 pourquoi 100% des palettes sont valoris\u00e9es depuis 1989. En effet, celles qui ne peuvent \u00eatre r\u00e9par\u00e9es compte-tenu de leur \u00e9tat, sont broy\u00e9es. Ainsi, BDEC, Bois D\u00e9veloppement Energie Concept, filiale du groupe, commercialise ces d\u00e9chets bois afin d\u2019alimenter des chaudi\u00e8res biomasses. L\u2019agence de Courri\u00e8res, ne d\u00e9rogera donc pas \u00e0 la r\u00e8gle et disposera \u00e9galement d\u2019un broyeur.<\/p>\n\n<h3 class=\"has-text-color wp-block-heading\" style=\"color:#583a16\">A propos du Groupe BURBAN<\/h3>\n\n<p>En vingt-sept ans, le groupe Burban, \u00e0 travers BURBAN PALETTES et ses filiales, a d\u00e9velopp\u00e9 un ensemble de prestations et de services autour de la palette sous toutes ses formes. Partenaire des acteurs de la cha\u00eene \u00e9conomique, il met en \u0153uvre des solutions pratiques et innovantes pour r\u00e9pondre \u00e0 toutes les demandes, de la fabrication \u00e0 la r\u00e9paration en passant par la gestion des flux.<\/p>\n\n<p>Aujourd&#8217;hui, BURBAN PALETTES c&#8217;est pr\u00e8s de 400 collaborateurs r\u00e9partis sur 19 sites et filiales en France valorisant ainsi plus de 12 millions de palettes par an.<\/p>\n\n<p>Pour en savoir plus : <a rel=\"noreferrer noopener\" href=\"http:\/\/bdec-biomasse.com\/\" target=\"_blank\">www.bdec-biomasse.com<\/a><\/p>\n","protected":false},"excerpt":{"rendered":"<p>Sp\u00e9cialis\u00e9 dans la collecte, le tri et le recyclage de palettes, le Groupe BURBAN Palettes consolide son implantation en Ile-de-France avec&#8230;<\/p>\n","protected":false},"author":1,"featured_media":0,"comment_status":"closed","ping_status":"closed","sticky":false,"template":"","format":"standard","meta":{"_acf_changed":false,"inline_featured_image":false,"footnotes":""},"categories":[156],"tags":[],"class_list":["post-9024","post","type-post","status-publish","format-standard","hentry","category-media-releases"],"acf":[],"yoast_head":"<!-- This site is optimized with the Yoast SEO plugin v27.5 - https:\/\/yoast.com\/product\/yoast-seo-wordpress\/ -->\n<title>Le Groupe BURBAN pose ses palettes dans la r\u00e9gion Hauts de France | BURBAN PALETTES<\/title>\n<meta name=\"description\" content=\"Retrouvez notre article Le Groupe BURBAN pose ses palettes dans la r\u00e9gion Hauts de France . Contactez-nos \u00e9quipes ! BURBAN PALETTES\" \/>\n<meta name=\"robots\" content=\"index, follow, max-snippet:-1, max-image-preview:large, max-video-preview:-1\" \/>\n<link rel=\"canonical\" href=\"https:\/\/www.burban-palettes.com\/le-groupe-burban-pose-ses-palettes-dans-la-region-hauts-de-france\/\" \/>\n<meta property=\"og:locale\" content=\"en_US\" \/>\n<meta property=\"og:type\" content=\"article\" \/>\n<meta property=\"og:title\" content=\"Le Groupe BURBAN pose ses palettes dans la r\u00e9gion Hauts de France | BURBAN PALETTES\" \/>\n<meta property=\"og:description\" content=\"Retrouvez notre article Le Groupe BURBAN pose ses palettes dans la r\u00e9gion Hauts de France . Contactez-nos \u00e9quipes ! BURBAN PALETTES\" \/>\n<meta property=\"og:url\" content=\"https:\/\/www.burban-palettes.com\/le-groupe-burban-pose-ses-palettes-dans-la-region-hauts-de-france\/\" \/>\n<meta property=\"og:site_name\" content=\"BURBAN PALETTES\" \/>\n<meta property=\"article:published_time\" content=\"2017-01-13T14:33:00+00:00\" \/>\n<meta property=\"article:modified_time\" content=\"2021-04-22T14:09:25+00:00\" \/>\n<meta name=\"author\" content=\"pao01@absolem.com\" \/>\n<meta name=\"twitter:card\" content=\"summary_large_image\" \/>\n<meta name=\"twitter:creator\" content=\"@Burban_Palettes\" \/>\n<meta name=\"twitter:site\" content=\"@Burban_Palettes\" \/>\n<meta name=\"twitter:label1\" content=\"Written by\" \/>\n\t<meta name=\"twitter:data1\" content=\"pao01@absolem.com\" \/>\n\t<meta name=\"twitter:label2\" content=\"Est. reading time\" \/>\n\t<meta name=\"twitter:data2\" content=\"2 minutes\" \/>\n<script type=\"application\/ld+json\" class=\"yoast-schema-graph\">{\"@context\":\"https:\\\/\\\/schema.org\",\"@graph\":[{\"@type\":\"Article\",\"@id\":\"https:\\\/\\\/www.burban-palettes.com\\\/le-groupe-burban-pose-ses-palettes-dans-la-region-hauts-de-france\\\/#article\",\"isPartOf\":{\"@id\":\"https:\\\/\\\/www.burban-palettes.com\\\/le-groupe-burban-pose-ses-palettes-dans-la-region-hauts-de-france\\\/\"},\"author\":{\"name\":\"pao01@absolem.com\",\"@id\":\"https:\\\/\\\/www.burban-palettes.com\\\/#\\\/schema\\\/person\\\/1bd4d447eceafc3ff84a1c1a25c9719b\"},\"headline\":\"Le Groupe BURBAN pose ses palettes dans la r\u00e9gion Hauts de France\",\"datePublished\":\"2017-01-13T14:33:00+00:00\",\"dateModified\":\"2021-04-22T14:09:25+00:00\",\"mainEntityOfPage\":{\"@id\":\"https:\\\/\\\/www.burban-palettes.com\\\/le-groupe-burban-pose-ses-palettes-dans-la-region-hauts-de-france\\\/\"},\"wordCount\":406,\"publisher\":{\"@id\":\"https:\\\/\\\/www.burban-palettes.com\\\/#organization\"},\"articleSection\":[\"Media releases\"],\"inLanguage\":\"en-US\"},{\"@type\":\"WebPage\",\"@id\":\"https:\\\/\\\/www.burban-palettes.com\\\/le-groupe-burban-pose-ses-palettes-dans-la-region-hauts-de-france\\\/\",\"url\":\"https:\\\/\\\/www.burban-palettes.com\\\/le-groupe-burban-pose-ses-palettes-dans-la-region-hauts-de-france\\\/\",\"name\":\"Le Groupe BURBAN pose ses palettes dans la r\u00e9gion Hauts de France | BURBAN PALETTES\",\"isPartOf\":{\"@id\":\"https:\\\/\\\/www.burban-palettes.com\\\/#website\"},\"datePublished\":\"2017-01-13T14:33:00+00:00\",\"dateModified\":\"2021-04-22T14:09:25+00:00\",\"description\":\"Retrouvez notre article Le Groupe BURBAN pose ses palettes dans la r\u00e9gion Hauts de France . Contactez-nos \u00e9quipes ! BURBAN PALETTES\",\"breadcrumb\":{\"@id\":\"https:\\\/\\\/www.burban-palettes.com\\\/le-groupe-burban-pose-ses-palettes-dans-la-region-hauts-de-france\\\/#breadcrumb\"},\"inLanguage\":\"en-US\",\"potentialAction\":[{\"@type\":\"ReadAction\",\"target\":[\"https:\\\/\\\/www.burban-palettes.com\\\/le-groupe-burban-pose-ses-palettes-dans-la-region-hauts-de-france\\\/\"]}]},{\"@type\":\"BreadcrumbList\",\"@id\":\"https:\\\/\\\/www.burban-palettes.com\\\/le-groupe-burban-pose-ses-palettes-dans-la-region-hauts-de-france\\\/#breadcrumb\",\"itemListElement\":[{\"@type\":\"ListItem\",\"position\":1,\"name\":\"Accueil\",\"item\":\"https:\\\/\\\/www.burban-palettes.com\\\/\"},{\"@type\":\"ListItem\",\"position\":2,\"name\":\"Le Groupe BURBAN pose ses palettes dans la r\u00e9gion Hauts de France\"}]},{\"@type\":\"WebSite\",\"@id\":\"https:\\\/\\\/www.burban-palettes.com\\\/#website\",\"url\":\"https:\\\/\\\/www.burban-palettes.com\\\/\",\"name\":\"BURBAN PALETTES\",\"description\":\"Sp\u00e9cialiste de la collecte, du tri et de la r\u00e9paration de palettes\",\"publisher\":{\"@id\":\"https:\\\/\\\/www.burban-palettes.com\\\/#organization\"},\"alternateName\":\"BURBAN PALETTES\",\"potentialAction\":[{\"@type\":\"SearchAction\",\"target\":{\"@type\":\"EntryPoint\",\"urlTemplate\":\"https:\\\/\\\/www.burban-palettes.com\\\/?s={search_term_string}\"},\"query-input\":{\"@type\":\"PropertyValueSpecification\",\"valueRequired\":true,\"valueName\":\"search_term_string\"}}],\"inLanguage\":\"en-US\"},{\"@type\":\"Organization\",\"@id\":\"https:\\\/\\\/www.burban-palettes.com\\\/#organization\",\"name\":\"BURBAN PALETTES\",\"url\":\"https:\\\/\\\/www.burban-palettes.com\\\/\",\"logo\":{\"@type\":\"ImageObject\",\"inLanguage\":\"en-US\",\"@id\":\"https:\\\/\\\/www.burban-palettes.com\\\/#\\\/schema\\\/logo\\\/image\\\/\",\"url\":\"https:\\\/\\\/www.burban-palettes.com\\\/wp-content\\\/uploads\\\/2021\\\/01\\\/burban-palettes-logotype.png\",\"contentUrl\":\"https:\\\/\\\/www.burban-palettes.com\\\/wp-content\\\/uploads\\\/2021\\\/01\\\/burban-palettes-logotype.png\",\"width\":300,\"height\":267,\"caption\":\"BURBAN PALETTES\"},\"image\":{\"@id\":\"https:\\\/\\\/www.burban-palettes.com\\\/#\\\/schema\\\/logo\\\/image\\\/\"},\"sameAs\":[\"https:\\\/\\\/x.com\\\/Burban_Palettes\",\"https:\\\/\\\/www.linkedin.com\\\/company\\\/burban-palettes-recyclage\\\/\",\"https:\\\/\\\/www.youtube.com\\\/channel\\\/UCLBD-iHfRcI6r3o9lrB_D2w\"]},{\"@type\":\"Person\",\"@id\":\"https:\\\/\\\/www.burban-palettes.com\\\/#\\\/schema\\\/person\\\/1bd4d447eceafc3ff84a1c1a25c9719b\",\"name\":\"pao01@absolem.com\",\"sameAs\":[\"https:\\\/\\\/www.burban-palettes.com\"],\"url\":\"https:\\\/\\\/www.burban-palettes.com\\\/en\\\/author\\\/pao01absolem-com\\\/\"}]}<\/script>\n<!-- \/ Yoast SEO plugin. -->","yoast_head_json":{"title":"Le Groupe BURBAN pose ses palettes dans la r\u00e9gion Hauts de France | BURBAN PALETTES","description":"Retrouvez notre article Le Groupe BURBAN pose ses palettes dans la r\u00e9gion Hauts de France . Contactez-nos \u00e9quipes ! BURBAN PALETTES","robots":{"index":"index","follow":"follow","max-snippet":"max-snippet:-1","max-image-preview":"max-image-preview:large","max-video-preview":"max-video-preview:-1"},"canonical":"https:\/\/www.burban-palettes.com\/le-groupe-burban-pose-ses-palettes-dans-la-region-hauts-de-france\/","og_locale":"en_US","og_type":"article","og_title":"Le Groupe BURBAN pose ses palettes dans la r\u00e9gion Hauts de France | BURBAN PALETTES","og_description":"Retrouvez notre article Le Groupe BURBAN pose ses palettes dans la r\u00e9gion Hauts de France . Contactez-nos \u00e9quipes ! BURBAN PALETTES","og_url":"https:\/\/www.burban-palettes.com\/le-groupe-burban-pose-ses-palettes-dans-la-region-hauts-de-france\/","og_site_name":"BURBAN PALETTES","article_published_time":"2017-01-13T14:33:00+00:00","article_modified_time":"2021-04-22T14:09:25+00:00","author":"pao01@absolem.com","twitter_card":"summary_large_image","twitter_creator":"@Burban_Palettes","twitter_site":"@Burban_Palettes","twitter_misc":{"Written by":"pao01@absolem.com","Est. reading time":"2 minutes"},"schema":{"@context":"https:\/\/schema.org","@graph":[{"@type":"Article","@id":"https:\/\/www.burban-palettes.com\/le-groupe-burban-pose-ses-palettes-dans-la-region-hauts-de-france\/#article","isPartOf":{"@id":"https:\/\/www.burban-palettes.com\/le-groupe-burban-pose-ses-palettes-dans-la-region-hauts-de-france\/"},"author":{"name":"pao01@absolem.com","@id":"https:\/\/www.burban-palettes.com\/#\/schema\/person\/1bd4d447eceafc3ff84a1c1a25c9719b"},"headline":"Le Groupe BURBAN pose ses palettes dans la r\u00e9gion Hauts de France","datePublished":"2017-01-13T14:33:00+00:00","dateModified":"2021-04-22T14:09:25+00:00","mainEntityOfPage":{"@id":"https:\/\/www.burban-palettes.com\/le-groupe-burban-pose-ses-palettes-dans-la-region-hauts-de-france\/"},"wordCount":406,"publisher":{"@id":"https:\/\/www.burban-palettes.com\/#organization"},"articleSection":["Media releases"],"inLanguage":"en-US"},{"@type":"WebPage","@id":"https:\/\/www.burban-palettes.com\/le-groupe-burban-pose-ses-palettes-dans-la-region-hauts-de-france\/","url":"https:\/\/www.burban-palettes.com\/le-groupe-burban-pose-ses-palettes-dans-la-region-hauts-de-france\/","name":"Le Groupe BURBAN pose ses palettes dans la r\u00e9gion Hauts de France | BURBAN PALETTES","isPartOf":{"@id":"https:\/\/www.burban-palettes.com\/#website"},"datePublished":"2017-01-13T14:33:00+00:00","dateModified":"2021-04-22T14:09:25+00:00","description":"Retrouvez notre article Le Groupe BURBAN pose ses palettes dans la r\u00e9gion Hauts de France . Contactez-nos \u00e9quipes ! BURBAN PALETTES","breadcrumb":{"@id":"https:\/\/www.burban-palettes.com\/le-groupe-burban-pose-ses-palettes-dans-la-region-hauts-de-france\/#breadcrumb"},"inLanguage":"en-US","potentialAction":[{"@type":"ReadAction","target":["https:\/\/www.burban-palettes.com\/le-groupe-burban-pose-ses-palettes-dans-la-region-hauts-de-france\/"]}]},{"@type":"BreadcrumbList","@id":"https:\/\/www.burban-palettes.com\/le-groupe-burban-pose-ses-palettes-dans-la-region-hauts-de-france\/#breadcrumb","itemListElement":[{"@type":"ListItem","position":1,"name":"Accueil","item":"https:\/\/www.burban-palettes.com\/"},{"@type":"ListItem","position":2,"name":"Le Groupe BURBAN pose ses palettes dans la r\u00e9gion Hauts de France"}]},{"@type":"WebSite","@id":"https:\/\/www.burban-palettes.com\/#website","url":"https:\/\/www.burban-palettes.com\/","name":"BURBAN PALETTES","description":"Sp\u00e9cialiste de la collecte, du tri et de la r\u00e9paration de palettes","publisher":{"@id":"https:\/\/www.burban-palettes.com\/#organization"},"alternateName":"BURBAN PALETTES","potentialAction":[{"@type":"SearchAction","target":{"@type":"EntryPoint","urlTemplate":"https:\/\/www.burban-palettes.com\/?s={search_term_string}"},"query-input":{"@type":"PropertyValueSpecification","valueRequired":true,"valueName":"search_term_string"}}],"inLanguage":"en-US"},{"@type":"Organization","@id":"https:\/\/www.burban-palettes.com\/#organization","name":"BURBAN PALETTES","url":"https:\/\/www.burban-palettes.com\/","logo":{"@type":"ImageObject","inLanguage":"en-US","@id":"https:\/\/www.burban-palettes.com\/#\/schema\/logo\/image\/","url":"https:\/\/www.burban-palettes.com\/wp-content\/uploads\/2021\/01\/burban-palettes-logotype.png","contentUrl":"https:\/\/www.burban-palettes.com\/wp-content\/uploads\/2021\/01\/burban-palettes-logotype.png","width":300,"height":267,"caption":"BURBAN PALETTES"},"image":{"@id":"https:\/\/www.burban-palettes.com\/#\/schema\/logo\/image\/"},"sameAs":["https:\/\/x.com\/Burban_Palettes","https:\/\/www.linkedin.com\/company\/burban-palettes-recyclage\/","https:\/\/www.youtube.com\/channel\/UCLBD-iHfRcI6r3o9lrB_D2w"]},{"@type":"Person","@id":"https:\/\/www.burban-palettes.com\/#\/schema\/person\/1bd4d447eceafc3ff84a1c1a25c9719b","name":"pao01@absolem.com","sameAs":["https:\/\/www.burban-palettes.com"],"url":"https:\/\/www.burban-palettes.com\/en\/author\/pao01absolem-com\/"}]}},"_links":{"self":[{"href":"https:\/\/www.burban-palettes.com\/en\/wp-json\/wp\/v2\/posts\/9024","targetHints":{"allow":["GET"]}}],"collection":[{"href":"https:\/\/www.burban-palettes.com\/en\/wp-json\/wp\/v2\/posts"}],"about":[{"href":"https:\/\/www.burban-palettes.com\/en\/wp-json\/wp\/v2\/types\/post"}],"author":[{"embeddable":true,"href":"https:\/\/www.burban-palettes.com\/en\/wp-json\/wp\/v2\/users\/1"}],"replies":[{"embeddable":true,"href":"https:\/\/www.burban-palettes.com\/en\/wp-json\/wp\/v2\/comments?post=9024"}],"version-history":[{"count":1,"href":"https:\/\/www.burban-palettes.com\/en\/wp-json\/wp\/v2\/posts\/9024\/revisions"}],"predecessor-version":[{"id":9025,"href":"https:\/\/www.burban-palettes.com\/en\/wp-json\/wp\/v2\/posts\/9024\/revisions\/9025"}],"wp:attachment":[{"href":"https:\/\/www.burban-palettes.com\/en\/wp-json\/wp\/v2\/media?parent=9024"}],"wp:term":[{"taxonomy":"category","embeddable":true,"href":"https:\/\/www.burban-palettes.com\/en\/wp-json\/wp\/v2\/categories?post=9024"},{"taxonomy":"post_tag","embeddable":true,"href":"https:\/\/www.burban-palettes.com\/en\/wp-json\/wp\/v2\/tags?post=9024"}],"curies":[{"name":"wp","href":"https:\/\/api.w.org\/{rel}","templated":true}]}}